{"id":1678,"date":"2024-06-10T14:20:58","date_gmt":"2024-06-10T12:20:58","guid":{"rendered":"https:\/\/www.grawosiedle.polsl.pl\/?p=1678"},"modified":"2024-06-10T14:20:59","modified_gmt":"2024-06-10T12:20:59","slug":"lodz-design-festiwal","status":"publish","type":"post","link":"https:\/\/www.grawosiedle.polsl.pl\/index.php\/lodz-design-festiwal\/","title":{"rendered":"\u0141\u00d3D\u0179 DESIGN FESTIWAL"},"content":{"rendered":"\n<p>Fotorelacja z wydarzenia <a href=\"https:\/\/www.facebook.com\/Lodz.Design?__cft__[0]=AZW1xIFJB5AXpgxMWKheLX_8R84hIUK6St1HPtTscPyYFONgi-LjpHBjMgvvro5kehQD6dpWsvNrN4DKUi28vFnnV_XZxBPYhZmwqXQBxjYn0jovsguAy8MksTWwaqVUDJ7xtErUSFx_Hax81IUFhqNAHsbevRmIglhOXQT-5bg2KXLUcl6fROzgKDZwB80STDV8xwUAbgtF4RiEUiZfFyky&amp;__tn__=-]K-R\">\u0141\u00f3d\u017a Design Festival<\/a> &#8211; 2024 <img decoding=\"async\" height=\"16\" width=\"16\" alt=\"\ud83e\udd29\" src=\"https:\/\/static.xx.fbcdn.net\/images\/emoji.php\/v9\/t58\/1\/16\/1f929.png\"> Gdzie razem z <a href=\"https:\/\/www.facebook.com\/PolishGreenBuildingCouncil?__cft__[0]=AZW1xIFJB5AXpgxMWKheLX_8R84hIUK6St1HPtTscPyYFONgi-LjpHBjMgvvro5kehQD6dpWsvNrN4DKUi28vFnnV_XZxBPYhZmwqXQBxjYn0jovsguAy8MksTWwaqVUDJ7xtErUSFx_Hax81IUFhqNAHsbevRmIglhOXQT-5bg2KXLUcl6fROzgKDZwB80STDV8xwUAbgtF4RiEUiZfFyky&amp;__tn__=-]K-R\">PLGBC &#8211; Polskie Stowarzyszenie Budownictwa Ekologicznego<\/a> zagrali\u015bmy w Gr\u0119 w osiedle podczas bloku 4: Biodiversity: jak wygra\u0107 z miastem? <img decoding=\"async\" height=\"16\" width=\"16\" alt=\"\ud83c\udfd8\ufe0f\" src=\"https:\/\/static.xx.fbcdn.net\/images\/emoji.php\/v9\/t5f\/1\/16\/1f3d8.png\"><img decoding=\"async\" height=\"16\" width=\"16\" alt=\"\ud83c\udccf\" src=\"https:\/\/static.xx.fbcdn.net\/images\/emoji.php\/v9\/t2b\/1\/16\/1f0cf.png\"><\/p>\n\n\n\n<p>Dzi\u0119kujemy..za mo\u017cliwo\u015b\u0107 uczestniczenia<\/p>\n\n\n\n<p>Z zespo\u0142u <a href=\"https:\/\/www.facebook.com\/Urbanmodel.org?__cft__[0]=AZW1xIFJB5AXpgxMWKheLX_8R84hIUK6St1HPtTscPyYFONgi-LjpHBjMgvvro5kehQD6dpWsvNrN4DKUi28vFnnV_XZxBPYhZmwqXQBxjYn0jovsguAy8MksTWwaqVUDJ7xtErUSFx_Hax81IUFhqNAHsbevRmIglhOXQT-5bg2KXLUcl6fROzgKDZwB80STDV8xwUAbgtF4RiEUiZfFyky&amp;__tn__=-]K-R\">Urbanmodel<\/a> w warsztatach wzi\u0119li udzia\u0142: Daria Bal, Marta Sanig\u00f3rska, Aleksandra Bara\u0144ska, Oskar Rosiko\u0144 fotografie dzi\u0119ki: Marta Strzelczyk<\/p>\n\n\n\n<p><img loading=\"lazy\" decoding=\"async\" height=\"16\" width=\"16\" alt=\"\u23f1\ufe0f\" src=\"https:\/\/static.xx.fbcdn.net\/images\/emoji.php\/v9\/tb5\/1\/16\/23f1.png\"> 23 maja 2024, godz 15.15-17.15<\/p>\n\n\n\n<p><a><\/a><img loading=\"lazy\" decoding=\"async\" height=\"16\" width=\"16\" alt=\"\ud83d\udccd\" src=\"https:\/\/static.xx.fbcdn.net\/images\/emoji.php\/v9\/t2d\/1\/16\/1f4cd.png\">Centrum Festiwalowe (Art_Inkubator)<\/p>\n\n\n\n<figure class=\"wp-block-image size-large\"><img loading=\"lazy\" decoding=\"async\" width=\"1024\" height=\"683\" src=\"https:\/\/www.grawosiedle.polsl.pl\/wp-content\/uploads\/2024\/06\/448201311_1008563097941133_730898438955024015_n-1024x683.jpg\" alt=\"\" class=\"wp-image-1679\" srcset=\"https:\/\/www.grawosiedle.polsl.pl\/wp-content\/uploads\/2024\/06\/448201311_1008563097941133_730898438955024015_n-1024x683.jpg 1024w, https:\/\/www.grawosiedle.polsl.pl\/wp-content\/uploads\/2024\/06\/448201311_1008563097941133_730898438955024015_n-300x200.jpg 300w, https:\/\/www.grawosiedle.polsl.pl\/wp-content\/uploads\/2024\/06\/448201311_1008563097941133_730898438955024015_n-768x512.jpg 768w, https:\/\/www.grawosiedle.polsl.pl\/wp-content\/uploads\/2024\/06\/448201311_1008563097941133_730898438955024015_n-1536x1024.jpg 1536w, https:\/\/www.grawosiedle.polsl.pl\/wp-content\/uploads\/2024\/06\/448201311_1008563097941133_730898438955024015_n.jpg 2048w\" sizes=\"(max-width: 767px) 89vw, (max-width: 1000px) 54vw, (max-width: 1071px) 543px, 580px\" \/><\/figure>\n\n\n\n<figure class=\"wp-block-image size-large\"><img loading=\"lazy\" decoding=\"async\" width=\"1024\" height=\"683\" src=\"https:\/\/www.grawosiedle.polsl.pl\/wp-content\/uploads\/2024\/06\/448161893_1008563121274464_739378993283189974_n-1024x683.jpg\" alt=\"\" class=\"wp-image-1680\" srcset=\"https:\/\/www.grawosiedle.polsl.pl\/wp-content\/uploads\/2024\/06\/448161893_1008563121274464_739378993283189974_n-1024x683.jpg 1024w, https:\/\/www.grawosiedle.polsl.pl\/wp-content\/uploads\/2024\/06\/448161893_1008563121274464_739378993283189974_n-300x200.jpg 300w, https:\/\/www.grawosiedle.polsl.pl\/wp-content\/uploads\/2024\/06\/448161893_1008563121274464_739378993283189974_n-768x512.jpg 768w, https:\/\/www.grawosiedle.polsl.pl\/wp-content\/uploads\/2024\/06\/448161893_1008563121274464_739378993283189974_n-1536x1024.jpg 1536w, https:\/\/www.grawosiedle.polsl.pl\/wp-content\/uploads\/2024\/06\/448161893_1008563121274464_739378993283189974_n.jpg 2048w\" sizes=\"(max-width: 767px) 89vw, (max-width: 1000px) 54vw, (max-width: 1071px) 543px, 580px\" \/><\/figure>\n\n\n\n<figure class=\"wp-block-image size-large\"><img loading=\"lazy\" decoding=\"async\" width=\"1024\" height=\"683\" src=\"https:\/\/www.grawosiedle.polsl.pl\/wp-content\/uploads\/2024\/06\/448160304_1008563157941127_4921666159033556529_n-1024x683.jpg\" alt=\"\" class=\"wp-image-1681\" srcset=\"https:\/\/www.grawosiedle.polsl.pl\/wp-content\/uploads\/2024\/06\/448160304_1008563157941127_4921666159033556529_n-1024x683.jpg 1024w, https:\/\/www.grawosiedle.polsl.pl\/wp-content\/uploads\/2024\/06\/448160304_1008563157941127_4921666159033556529_n-300x200.jpg 300w, https:\/\/www.grawosiedle.polsl.pl\/wp-content\/uploads\/2024\/06\/448160304_1008563157941127_4921666159033556529_n-768x512.jpg 768w, https:\/\/www.grawosiedle.polsl.pl\/wp-content\/uploads\/2024\/06\/448160304_1008563157941127_4921666159033556529_n-1536x1024.jpg 1536w, https:\/\/www.grawosiedle.polsl.pl\/wp-content\/uploads\/2024\/06\/448160304_1008563157941127_4921666159033556529_n.jpg 2048w\" sizes=\"(max-width: 767px) 89vw, (max-width: 1000px) 54vw, (max-width: 1071px) 543px, 580px\" \/><\/figure>\n","protected":false},"excerpt":{"rendered":"<p>Fotorelacja z wydarzenia \u0141\u00f3d\u017a Design Festival &#8211; 2024 Gdzie razem z PLGBC &#8211; Polskie Stowarzyszenie Budownictwa Ekologicznego zagrali\u015bmy w Gr\u0119 w osiedle podczas bloku 4: Biodiversity: jak wygra\u0107 z miastem? Dzi\u0119kujemy..za mo\u017cliwo\u015b\u0107 uczestniczenia Z zespo\u0142u Urbanmodel w warsztatach wzi\u0119li udzia\u0142: Daria Bal, Marta Sanig\u00f3rska, Aleksandra Bara\u0144ska, Oskar Rosiko\u0144 fotografie dzi\u0119ki: Marta Strzelczyk 23 maja 2024, &hellip; <\/p>\n<p class=\"link-more\"><a href=\"https:\/\/www.grawosiedle.polsl.pl\/index.php\/lodz-design-festiwal\/\" class=\"more-link\">Czytaj dalej<span class=\"screen-reader-text\"> \u201e\u0141\u00d3D\u0179 DESIGN FESTIWAL\u201d<\/span><\/a><\/p>\n","protected":false},"author":1,"featured_media":0,"comment_status":"closed","ping_status":"closed","sticky":false,"template":"","format":"standard","meta":{"footnotes":""},"categories":[8],"tags":[],"class_list":["post-1678","post","type-post","status-publish","format-standard","hentry","category-bez-kategorii-pl"],"_links":{"self":[{"href":"https:\/\/www.grawosiedle.polsl.pl\/index.php\/wp-json\/wp\/v2\/posts\/1678","targetHints":{"allow":["GET"]}}],"collection":[{"href":"https:\/\/www.grawosiedle.polsl.pl\/index.php\/wp-json\/wp\/v2\/posts"}],"about":[{"href":"https:\/\/www.grawosiedle.polsl.pl\/index.php\/wp-json\/wp\/v2\/types\/post"}],"author":[{"embeddable":true,"href":"https:\/\/www.grawosiedle.polsl.pl\/index.php\/wp-json\/wp\/v2\/users\/1"}],"replies":[{"embeddable":true,"href":"https:\/\/www.grawosiedle.polsl.pl\/index.php\/wp-json\/wp\/v2\/comments?post=1678"}],"version-history":[{"count":1,"href":"https:\/\/www.grawosiedle.polsl.pl\/index.php\/wp-json\/wp\/v2\/posts\/1678\/revisions"}],"predecessor-version":[{"id":1682,"href":"https:\/\/www.grawosiedle.polsl.pl\/index.php\/wp-json\/wp\/v2\/posts\/1678\/revisions\/1682"}],"wp:attachment":[{"href":"https:\/\/www.grawosiedle.polsl.pl\/index.php\/wp-json\/wp\/v2\/media?parent=1678"}],"wp:term":[{"taxonomy":"category","embeddable":true,"href":"https:\/\/www.grawosiedle.polsl.pl\/index.php\/wp-json\/wp\/v2\/categories?post=1678"},{"taxonomy":"post_tag","embeddable":true,"href":"https:\/\/www.grawosiedle.polsl.pl\/index.php\/wp-json\/wp\/v2\/tags?post=1678"}],"curies":[{"name":"wp","href":"https:\/\/api.w.org\/{rel}","templated":true}]}}